{"id":14156,"date":"2023-02-27T15:55:00","date_gmt":"2023-02-27T15:55:00","guid":{"rendered":"http:\/\/thebeatfreaks.pl\/?p=14156"},"modified":"2023-02-27T15:55:02","modified_gmt":"2023-02-27T15:55:02","slug":"przypadek-leona-kokakiewicza","status":"publish","type":"post","link":"https:\/\/thebeatfreaks.pl\/index.php\/2023\/02\/27\/przypadek-leona-kokakiewicza\/","title":{"rendered":"Przypadek Leona Kokakiewicza"},"content":{"rendered":"\n<p>Kurier Szczeci\u0144ski<\/p>\n\n\n\n<p>Szczeci\u0144scy jazzmani m\u0142odego pokolenia spotkali si\u0119 w dobrym czasie i miejscu. Talent wszystkich zaanga\u017cowanych w powstanie tej p\u0142yty sprawi\u0142, \u017ce po prostu \u015bwietnie si\u0119 jej s\u0142ucha.<\/p>\n\n\n\n<p>The Beat Freaks to zesp\u00f3\u0142 z\u0142o\u017cony ze szczeci\u0144skich muzyk\u00f3w, kt\u00f3rzy wcze\u015bniej spotykali si\u0119 w r\u00f3\u017cnych konstelacjach: saksofonista Tomasz Licak, b\u0119bniarz Radek Wo\u015bko (ci dwa wsp\u00f3\u0142tworzyli&nbsp;<a href=\"http:\/\/m.in\/\">m.in<\/a>. polsko-du\u0144ski kwartet, kt\u00f3ry nagra\u0142 p\u0142yt\u0119 \u201eEntrails United\u201d), gitarzysta Micha\u0142 Starkiewicz i basista Pawe\u0142 Grzesiuk. Tym razem wszyscy spotkali si\u0119 w bardzo dobrym czasie i miejscu tworz\u0105c \u015bwietny album \u201eLeon\u201d. Pewnie pami\u0119tacie legendarnego barda \u2013 Leona Kokakiewicza, barda miejskiego z czas\u00f3w gwa\u0142townego rozwoju przemys\u0142u, kt\u00f3rego wizjonerskie idee, inspiracja maszynami oraz nieskromne ilo\u015bci porzeczkowego trunku da\u0142y nieoczekiwan\u0105 mieszank\u0119 rytm\u00f3w, brzmie\u0144 i melodii? Nie pami\u0119tacie? Nie martwcie si\u0119, nikt taki nie istnia\u0142. Panowie pozwolili sobie na ma\u0142\u0105 mistyfikacj\u0119, na kt\u00f3r\u0105 pono\u0107 regularnie si\u0119 kto\u015b nabiera. Mo\u017ce po wzgl\u0119dem historii koncept-album staje si\u0119 \u017cartem, ale pod wzgl\u0119dem muzycznym to mimo wszystko przemy\u015blana i sp\u00f3jna robota, cho\u0107 i r\u00f3\u017cnorodna.<\/p>\n\n\n\n<p>Album zaczyna si\u0119 jazz-rockowym motywem \u201eLonging\u201d, z do\u015b\u0107 regularnym jak na standardy jazzowe pochodem sekcji rytmicznej, momentami blisko tu nawet do Tortoise, kojarzonego raczej z post-rockiem. Z majnstreamowym wsp\u00f3\u0142czesnym jazzem kojarzy si\u0119 kolejny utw\u00f3r \u201ePomara\u0144cze\u201d. W\u0142a\u015bciwie ka\u017cdy numer na tu ciekaw\u0105 histori\u0119 do opowiedzenia&nbsp;<a href=\"http:\/\/m.in\/\">m.in<\/a>. za spraw\u0105 \u015bwietnych sol\u00f3wek saksofonu czy gitrary. Do\u015b\u0107 przewrotnie robi si\u0119 w \u201eLudowo\u201d, kt\u00f3rego tytu\u0142 m\u00f3g\u0142by sugerowa\u0107 ludow\u0105 wycieczk\u0119 w stylu Namys\u0142owskiego, ale momentami jest to raczej delikatna aluzja do afryka\u0144skiej muzyki etnicznej. Z kolei \u201eBright Eyes\u201d to intryguj\u0105ca, eksperymentalna ko\u0142ysanka, w kt\u00f3rej Licak zamienia saksofon na klarnet basowy. W \u201eSolaris\u201d po \u015bwietnej partii gitary i powrocie do g\u0142\u00f3wnego motywu zaskakuje nierzucaj\u0105cy si\u0119 wcze\u015bniej w uczy pog\u0142os na b\u0119bnach.<\/p>\n\n\n\n<p>Generalnie brzmienie ca\u0142ego materia\u0142u jest bardzo selektywne, muzycy stawiaj\u0105 na czytelno\u015b\u0107, nie rozumian\u0105 jako oczywisto\u015b\u0107, ale przejrzysto\u015b\u0107. Swoj\u0105 robot\u0119 zrobili tu te\u017c ludzie od produkcji: Kamil \u0141aziowski z \u0142\u00f3dzkiego studia Soyuz, Jakub Maciejewski \u2013 szczeci\u0144ski muzyk i producent oraz odpowiedzialny za miks i mastering \u2013 Jan Smoczy\u0144ski (bliski wsp\u00f3\u0142pracownik Micha\u0142a Urbaniaka). Talent wszystkich zaanga\u017cowanych w powstanie tej p\u0142yty sprawi\u0142, \u017ce po prostu \u015bwietnie si\u0119 jej s\u0142ucha.<\/p>\n\n\n\n<p>Szymon Wasilewski<\/p>\n\n\n\n<p><\/p>\n","protected":false},"excerpt":{"rendered":"<p>Kurier Szczeci\u0144ski Szczeci\u0144scy jazzmani m\u0142odego pokolenia spotkali si\u0119 w dobrym czasie i miejscu. Talent wszystkich zaanga\u017cowanych w powstanie tej p\u0142yty sprawi\u0142, \u017ce po prostu \u015bwietnie si\u0119 jej s\u0142ucha. The Beat &hellip; <\/p>\n<p class=\"link-more\"><a href=\"https:\/\/thebeatfreaks.pl\/index.php\/2023\/02\/27\/przypadek-leona-kokakiewicza\/\" class=\"more-link\">Read more<span class=\"screen-reader-text\"> &#8222;Przypadek Leona Kokakiewicza&#8221;<\/span><\/a><\/p>\n","protected":false},"author":1,"featured_media":83,"comment_status":"open","ping_status":"open","sticky":false,"template":"","format":"standard","meta":{"ngg_post_thumbnail":0,"_jetpack_memberships_contains_paid_content":false,"footnotes":""},"categories":[92],"tags":[],"class_list":["post-14156","post","type-post","status-publish","format-standard","has-post-thumbnail","hentry","category-recenzja"],"jetpack_featured_media_url":"https:\/\/thebeatfreaks.pl\/wp-content\/uploads\/2023\/02\/Okladka-Leon.jpeg","jetpack-related-posts":[],"jetpack_sharing_enabled":true,"_links":{"self":[{"href":"https:\/\/thebeatfreaks.pl\/index.php\/wp-json\/wp\/v2\/posts\/14156","targetHints":{"allow":["GET"]}}],"collection":[{"href":"https:\/\/thebeatfreaks.pl\/index.php\/wp-json\/wp\/v2\/posts"}],"about":[{"href":"https:\/\/thebeatfreaks.pl\/index.php\/wp-json\/wp\/v2\/types\/post"}],"author":[{"embeddable":true,"href":"https:\/\/thebeatfreaks.pl\/index.php\/wp-json\/wp\/v2\/users\/1"}],"replies":[{"embeddable":true,"href":"https:\/\/thebeatfreaks.pl\/index.php\/wp-json\/wp\/v2\/comments?post=14156"}],"version-history":[{"count":1,"href":"https:\/\/thebeatfreaks.pl\/index.php\/wp-json\/wp\/v2\/posts\/14156\/revisions"}],"predecessor-version":[{"id":14157,"href":"https:\/\/thebeatfreaks.pl\/index.php\/wp-json\/wp\/v2\/posts\/14156\/revisions\/14157"}],"wp:featuredmedia":[{"embeddable":true,"href":"https:\/\/thebeatfreaks.pl\/index.php\/wp-json\/wp\/v2\/media\/83"}],"wp:attachment":[{"href":"https:\/\/thebeatfreaks.pl\/index.php\/wp-json\/wp\/v2\/media?parent=14156"}],"wp:term":[{"taxonomy":"category","embeddable":true,"href":"https:\/\/thebeatfreaks.pl\/index.php\/wp-json\/wp\/v2\/categories?post=14156"},{"taxonomy":"post_tag","embeddable":true,"href":"https:\/\/thebeatfreaks.pl\/index.php\/wp-json\/wp\/v2\/tags?post=14156"}],"curies":[{"name":"wp","href":"https:\/\/api.w.org\/{rel}","templated":true}]}}