{"id":14656,"date":"2025-02-28T01:06:18","date_gmt":"2025-02-28T01:06:18","guid":{"rendered":"https:\/\/thebeatfreaks.pl\/?p=14656"},"modified":"2025-02-28T01:06:21","modified_gmt":"2025-02-28T01:06:21","slug":"donos-kulturalny","status":"publish","type":"post","link":"https:\/\/thebeatfreaks.pl\/index.php\/2025\/02\/28\/donos-kulturalny\/","title":{"rendered":"Donos Kulturalny"},"content":{"rendered":"\n<p>D\u0142u\u017cej ni\u017c zwykle zesp\u00f3\u0142 The Beat Freaks kaza\u0142 nam czeka\u0107 na sw\u00f3j nowy album. Na najnowszej p\u0142ycie specjalnym go\u015bciem kwartetu jest znakomity tr\u0119bacz, jeden z gwiazdor\u00f3w ECM Records, Ralph Alessi.<\/p>\n\n\n\n<p>\u201cMechanics of Nature\u201d zawiera 13 utwor\u00f3w (\u201eLIfeline\u201d&nbsp; formalnie podzielony jest na dwie cz\u0119\u015bci z wyodr\u0119bnionym wst\u0119pem). Osiem ro kompozycje Micha\u0142a Starkiewicza \u2013 lidera grupy, jedn\u0105 podpisa\u0142 Radek Wo\u015bko. Pozosta\u0142e cztery s\u0105 wynikiem kolektywnej improwizacji.&nbsp;<\/p>\n\n\n\n<p>Albumy The Beat Freaks uzupe\u0142nione s\u0105 zwykle bardzo konkretnym i rozbudowanym t\u0142em znaczeniowym. Nie inaczej jest i w tym przypadku. \u201cMechanics of Nature\u201d &nbsp;mia\u0142a swoj\u0105 premier\u0119 w Mi\u0119dzynarodowym Dniu Ziemi, a inspiracj\u0105 dla muzyk\u00f3w by\u0142a natura, jej pi\u0119kno, nieprzewidywalno\u015b\u0107, skrajno\u015b\u0107, d\u017awi\u0119ki oraz mechanizmy, kt\u00f3r\u0105&nbsp;nieustannie j\u0105 reguluj\u0105. &nbsp;<\/p>\n\n\n\n<p>Trzeba przyzna\u0107, \u017ce The Beat Freaks bardzo trafnie wpisali si\u0119 w przywo\u0142ane \u017ar\u00f3d\u0142a inspiracji i ciekawie odmalowali muzyk\u0105 &nbsp;z\u0142o\u017cono\u015b\u0107 natury. Chocia\u017c i bez tej \u201eobudowy\u201d naj\u015bwie\u017csze dzie\u0142o kwartetu broni si\u0119 bez zastrze\u017ce\u0144. A niew\u0105tpliw\u0105 atrakcj\u0105 i cennym dodatkiem jest udzia\u0142 w projekcie Ralpha Alessiego.<\/p>\n\n\n\n<p>Interesuj\u0105co wypadaj\u0105 cztery kr\u00f3tkie, improwizowane utwory, b\u0119d\u0105ce swoistymi przerywnikami w ca\u0142ej narracji. &nbsp;Ale swobodne podej\u015bcie do muzycznej materii znajdziemy r\u00f3wnie\u017c w pozosta\u0142ych nagraniach. Szczeg\u00f3ln\u0105 uwag\u0119 zwracaj\u0105 solowe partie poszczeg\u00f3lnych instrument\u00f3w w \u201eBroken\u201d, budowane na mocnym, stanowczym rytmie perkusji, czy te\u017c konwersacyjne przepychanki w \u201eJumping Pedestrian\u201d. Za to najmniej przypad\u0142y mi do gustu hip-hopowe recytacje w \u201eLifeline\u201d.<\/p>\n\n\n\n<p>\u201cMechanics of Nature\u201d &nbsp;przez niemal godzin\u0119 przykuwa uwag\u0119 intryguj\u0105cymi pomys\u0142ami i perfekcyjn\u0105 ich realizacj\u0105. &nbsp;Godnym podziwu zespo\u0142owym porozumieniem, a tak\u017ce \u015bwietn\u0105 dyspozycj\u0105 poszczeg\u00f3lnych instrumentalist\u00f3w. &nbsp;The Beat Freaks&nbsp; nie zawiedli, prezentuj\u0105c &nbsp;&nbsp;muzyk\u0119 niebanaln\u0105 i zdecydowanie wart\u0105 uwagi.<\/p>\n\n\n\n<figure class=\"wp-block-embed is-type-wp-embed is-provider-donos-kulturalny wp-block-embed-donos-kulturalny\"><div class=\"wp-block-embed__wrapper\">\n<blockquote class=\"wp-embedded-content\" data-secret=\"TR3COYUWV0\"><a href=\"https:\/\/donos.home.blog\/2024\/05\/17\/the-beat-freaks-ft-ralph-alessi-mechanics-of-nature\/\">The Beat Freaks &amp; Ralph Alessi \u201cMechanics of&nbsp;Nature\u201d<\/a><\/blockquote><iframe class=\"wp-embedded-content\" sandbox=\"allow-scripts\" security=\"restricted\" style=\"position: absolute; clip: rect(1px, 1px, 1px, 1px);\" title=\"&#8222;The Beat Freaks &amp; Ralph Alessi \u201cMechanics of&nbsp;Nature\u201d&#8221; &#8212; Donos kulturalny\" src=\"https:\/\/donos.home.blog\/2024\/05\/17\/the-beat-freaks-ft-ralph-alessi-mechanics-of-nature\/embed\/#?secret=unWLvdZBLd#?secret=TR3COYUWV0\" data-secret=\"TR3COYUWV0\" width=\"600\" height=\"338\" frameborder=\"0\" marginwidth=\"0\" marginheight=\"0\" scrolling=\"no\"><\/iframe>\n<\/div><\/figure>\n","protected":false},"excerpt":{"rendered":"<p>D\u0142u\u017cej ni\u017c zwykle zesp\u00f3\u0142 The Beat Freaks kaza\u0142 nam czeka\u0107 na sw\u00f3j nowy album. Na najnowszej p\u0142ycie specjalnym go\u015bciem kwartetu jest znakomity tr\u0119bacz, jeden z gwiazdor\u00f3w ECM Records, Ralph Alessi. &hellip; <\/p>\n<p class=\"link-more\"><a href=\"https:\/\/thebeatfreaks.pl\/index.php\/2025\/02\/28\/donos-kulturalny\/\" class=\"more-link\">Read more<span class=\"screen-reader-text\"> &#8222;Donos Kulturalny&#8221;<\/span><\/a><\/p>\n","protected":false},"author":1,"featured_media":0,"comment_status":"open","ping_status":"open","sticky":false,"template":"","format":"standard","meta":{"ngg_post_thumbnail":0,"_jetpack_memberships_contains_paid_content":false,"footnotes":""},"categories":[92],"tags":[],"class_list":["post-14656","post","type-post","status-publish","format-standard","hentry","category-recenzja"],"jetpack_featured_media_url":"","jetpack-related-posts":[],"jetpack_sharing_enabled":true,"_links":{"self":[{"href":"https:\/\/thebeatfreaks.pl\/index.php\/wp-json\/wp\/v2\/posts\/14656","targetHints":{"allow":["GET"]}}],"collection":[{"href":"https:\/\/thebeatfreaks.pl\/index.php\/wp-json\/wp\/v2\/posts"}],"about":[{"href":"https:\/\/thebeatfreaks.pl\/index.php\/wp-json\/wp\/v2\/types\/post"}],"author":[{"embeddable":true,"href":"https:\/\/thebeatfreaks.pl\/index.php\/wp-json\/wp\/v2\/users\/1"}],"replies":[{"embeddable":true,"href":"https:\/\/thebeatfreaks.pl\/index.php\/wp-json\/wp\/v2\/comments?post=14656"}],"version-history":[{"count":1,"href":"https:\/\/thebeatfreaks.pl\/index.php\/wp-json\/wp\/v2\/posts\/14656\/revisions"}],"predecessor-version":[{"id":14658,"href":"https:\/\/thebeatfreaks.pl\/index.php\/wp-json\/wp\/v2\/posts\/14656\/revisions\/14658"}],"wp:attachment":[{"href":"https:\/\/thebeatfreaks.pl\/index.php\/wp-json\/wp\/v2\/media?parent=14656"}],"wp:term":[{"taxonomy":"category","embeddable":true,"href":"https:\/\/thebeatfreaks.pl\/index.php\/wp-json\/wp\/v2\/categories?post=14656"},{"taxonomy":"post_tag","embeddable":true,"href":"https:\/\/thebeatfreaks.pl\/index.php\/wp-json\/wp\/v2\/tags?post=14656"}],"curies":[{"name":"wp","href":"https:\/\/api.w.org\/{rel}","templated":true}]}}